{"id":1142,"date":"2026-01-29T19:30:00","date_gmt":"2026-01-29T18:30:00","guid":{"rendered":"https:\/\/www.potsdamer-juristische-gesellschaft.de\/?p=1142"},"modified":"2026-01-19T18:44:30","modified_gmt":"2026-01-19T17:44:30","slug":"geopolitik-in-der-europaeischen-union-industrie-verteidigungs-und-rohstoffpolitik-perspektiven-und-grenzen-nach-dem-recht-der-europaeischen-union","status":"publish","type":"post","link":"https:\/\/www.potsdamer-juristische-gesellschaft.de\/index.php\/vortraege\/geopolitik-in-der-europaeischen-union-industrie-verteidigungs-und-rohstoffpolitik-perspektiven-und-grenzen-nach-dem-recht-der-europaeischen-union\/","title":{"rendered":"Geopolitik in der Europ\u00e4ischen Union: Industrie-, Verteidigungs- und Rohstoffpolitik &#8211; Perspektiven und Grenzen nach dem Recht der Europ\u00e4ischen Union"},"content":{"rendered":"<p><strong><big>Geopolitik in der Europ\u00e4ischen Union: Industrie-, Verteidigungs- und Rohstoffpolitik<\/big><\/strong><\/p>\n<p><strong>Rechtsanwalt Dr. Thomas L\u00fcbbig, Berlin<\/strong><br \/>\nHonorarprofessor an der Europa-Universit\u00e4t Viadrina<\/p>\n<p>Die n\u00e4chste Vortragsveranstaltung der Potsdamer Juristischen Gesellschaft findet am<\/p>\n<p><strong>Donnerstag, den 29. Januar 2026, 19:30 Uhr,<\/strong><\/p>\n<p><strong>in der Bibliothek des Verwaltungsgerichts Potsdam,<br \/>\nFriedrich-Ebert-Stra\u00dfe 32, 14469 Potsdam<\/strong><\/p>\n<p>zum Thema<\/p>\n<p><strong>Geopolitik in der Europ\u00e4ischen Union: Industrie-, Verteidigungs- und Rohstoffpolitik &#8211; Perspektiven und Grenzen nach dem Recht der Europ\u00e4ischen Union<\/strong><\/p>\n<p>statt.<\/p>\n<p>Seit 2019 definiert sich die Europ\u00e4ische Kommission als &#8222;geopolitisch&#8220; ausgerichtet. Diesen Anspruch hat die Pr\u00e4sidentin der Europ\u00e4ischen Kommission, Ursula von der Leyen, am 10. September 2025 in ihrer State of the Union Address in Stra\u00dfburg f\u00fcr die laufende Amtsperiode bekr\u00e4ftigt. Diese Formulierung weist \u00fcber die Wahrnehmung der in EUV und AEUV vorgesehenen Kompetenzen zur Ausrichtung einer Gemeinsamen Au\u00dfen- und Sicherheitspolitik hinaus. Doch wie weit kann die Europ\u00e4ische Kommission die EU-Mitgliedstaaten in Politikfeldern hinter sich versammeln, die sowohl nach den Vertr\u00e4gen als auch in der politischen Praxis prim\u00e4r von den nationalen Regierungen beansprucht werden? Sind Bestimmungen wie Art. 173 AEUV (Wettbewerbsf\u00e4higkeit\/Industriepolitik) nicht eher Hindernisse f\u00fcr eine geopolitische Kommission?<\/p>\n<p>Thomas L\u00fcbbig, Studium der Rechtswissenschaften in Deutschland, Frankreich und der Schweiz, Jur. Vorbereitungsdienst in Berlin und Bonn, ist seit 1996 Rechtsanwalt in Berlin (Soziet\u00e4t Freshfields, vormals Freshfields Bruckhaus Deringer), mit ausw\u00e4rtiger T\u00e4tigkeit in Br\u00fcssel und in Wien. Sein T\u00e4tigkeitsschwerpunkt ist das Recht der Europ\u00e4ischen Union, insbesondere das Wettbewerbsrecht. In dieser Eigenschaft betreute er viele Verfahren vor den Gerichten der Europ\u00e4ischen Union als Prozessbevollm\u00e4chtigter. Seit 2011 ist er Honorarprofessor an der Europa-Universit\u00e4t Viadrina.<\/p>\n<p>Zu dieser Vortragsveranstaltung lade ich Sie im Namen der Potsdamer Juristischen Gesellschaft sehr herzlich ein. Nach dem Vortrag findet wie immer ein Umtrunk mit einem kleinen Imbiss statt, der Gelegenheit zum Austausch geben soll.<\/p>\n<p>G\u00e4ste sind zu unseren Vortragsveranstaltungen willkommen \u2013 bitte geben Sie die Einladung in Ihrem Freundes- und Bekanntenkreis weiter.<\/p>\n<p>Mit freundlichen Gr\u00fc\u00dfen<\/p>\n<p>Bettina Leetz<\/p>\n","protected":false},"excerpt":{"rendered":"<p>Geopolitik in der Europ\u00e4ischen Union: Industrie-, Verteidigungs- und Rohstoffpolitik Rechtsanwalt Dr. Thomas L\u00fcbbig, Berlin Honorarprofessor an der Europa-Universit\u00e4t Viadrina Die n\u00e4chste Vortragsveranstaltung der Potsdamer Juristischen Gesellschaft findet am Donnerstag, den 29. Januar 2026, 19:30 Uhr, in der Bibliothek des Verwaltungsgerichts Potsdam, Friedrich-Ebert-Stra\u00dfe 32, 14469 Potsdam zum Thema Geopolitik in der Europ\u00e4ischen Union: Industrie-, Verteidigungs- und [&hellip;]<\/p>\n","protected":false},"author":1,"featured_media":0,"comment_status":"closed","ping_status":"open","sticky":false,"template":"","format":"standard","meta":{"footnotes":""},"categories":[3],"tags":[174],"_links":{"self":[{"href":"https:\/\/www.potsdamer-juristische-gesellschaft.de\/index.php\/wp-json\/wp\/v2\/posts\/1142"}],"collection":[{"href":"https:\/\/www.potsdamer-juristische-gesellschaft.de\/index.php\/wp-json\/wp\/v2\/posts"}],"about":[{"href":"https:\/\/www.potsdamer-juristische-gesellschaft.de\/index.php\/wp-json\/wp\/v2\/types\/post"}],"author":[{"embeddable":true,"href":"https:\/\/www.potsdamer-juristische-gesellschaft.de\/index.php\/wp-json\/wp\/v2\/users\/1"}],"replies":[{"embeddable":true,"href":"https:\/\/www.potsdamer-juristische-gesellschaft.de\/index.php\/wp-json\/wp\/v2\/comments?post=1142"}],"version-history":[{"count":2,"href":"https:\/\/www.potsdamer-juristische-gesellschaft.de\/index.php\/wp-json\/wp\/v2\/posts\/1142\/revisions"}],"predecessor-version":[{"id":1144,"href":"https:\/\/www.potsdamer-juristische-gesellschaft.de\/index.php\/wp-json\/wp\/v2\/posts\/1142\/revisions\/1144"}],"wp:attachment":[{"href":"https:\/\/www.potsdamer-juristische-gesellschaft.de\/index.php\/wp-json\/wp\/v2\/media?parent=1142"}],"wp:term":[{"taxonomy":"category","embeddable":true,"href":"https:\/\/www.potsdamer-juristische-gesellschaft.de\/index.php\/wp-json\/wp\/v2\/categories?post=1142"},{"taxonomy":"post_tag","embeddable":true,"href":"https:\/\/www.potsdamer-juristische-gesellschaft.de\/index.php\/wp-json\/wp\/v2\/tags?post=1142"}],"curies":[{"name":"wp","href":"https:\/\/api.w.org\/{rel}","templated":true}]}}