{"id":455,"date":"2012-05-23T18:30:40","date_gmt":"2012-05-23T18:30:40","guid":{"rendered":"http:\/\/www.potsdamer-juristische-gesellschaft.de\/?p=455"},"modified":"2012-05-12T15:14:55","modified_gmt":"2012-05-12T15:14:55","slug":"mitgliederversammlung-2012","status":"publish","type":"post","link":"https:\/\/www.potsdamer-juristische-gesellschaft.de\/index.php\/mitgliederversammlungen\/mitgliederversammlung-2012\/","title":{"rendered":"Mitgliederversammlung 2012"},"content":{"rendered":"<p>Liebe Mitglieder,<br \/>\nsehr geehrte Damen und Herren,<\/p>\n<p>hiermit lade ich Sie herzlich zur Mitgliederversammlung der Potsdamer Juristischen Gesellschaft am<\/p>\n<p><strong>Mittwoch, dem 23. Mai 2012, 18.30 Uhr, <\/p>\n<p>in der Bibliothek des Verwaltungsgerichts Potsdam,<br \/>\nFriedrich-Ebert-Stra\u00dfe 32, 14469 Potsdam<\/strong><\/p>\n<p>ein.<\/p>\n<p>Vorl\u00e4ufige Tagesordnung:<\/p>\n<p>TOP 1: Begr\u00fc\u00dfung der Versammlung durch die Vorsitzende des Vorstandes<br \/>\nTOP 2: Bericht der Vorsitzenden \u00fcber das Gesch\u00e4ftsjahr 2011\/2012 und Ausblick auf die weitere Programmplanung<br \/>\nTOP 3: Bericht des Schatzmeisters Dr. J\u00fcrgens, Vorstellung des Haushaltsplanes 2012\/2013<br \/>\nTOP 4: Bericht der Kassenpr\u00fcferinnen<br \/>\nTOP 5: Entlastung des Vorstandes<br \/>\nTOP 6: Bestimmung der Kassenpr\u00fcfer f\u00fcr das Jahr 2012\/2013<br \/>\nTOP 7: Verschiedenes<\/p>\n<p>An die Mitgliederversammlung schlie\u00dft sich um 19.30 Uhr die Vortragsveranstaltung <a href=\"https:\/\/www.potsdamer-juristische-gesellschaft.de\/index.php\/vortraege\/der-euro-und-die-nationale-haushaltsautonomie-eine-oekonomische-perspektive-auf-ein-verfassungsrechtliches-problem\/\" title=\"Der Euro und die nationale Haushaltsautonomie: Eine \u00f6konomische Perspektive auf ein verfassungsrechtliches Problem\">&#8222;Der Euro und die nationale Haushaltsautonomie: Eine \u00f6konomische Perspektive auf ein verfassungsrechtliches Problem&#8220;<\/a> mit Herrn Prof. Dr. Henrik Enderlein an.<\/p>\n<p>Mit freundlichen Gr\u00fc\u00dfen<\/p>\n<p>Dr. Margarete M\u00fchl-J\u00e4ckel, LL.M.<\/p>\n","protected":false},"excerpt":{"rendered":"<p>Liebe Mitglieder, sehr geehrte Damen und Herren, hiermit lade ich Sie herzlich zur Mitgliederversammlung der Potsdamer Juristischen Gesellschaft am Mittwoch, dem 23. Mai 2012, 18.30 Uhr, in der Bibliothek des Verwaltungsgerichts Potsdam, Friedrich-Ebert-Stra\u00dfe 32, 14469 Potsdam ein. Vorl\u00e4ufige Tagesordnung: TOP 1: Begr\u00fc\u00dfung der Versammlung durch die Vorsitzende des Vorstandes TOP 2: Bericht der Vorsitzenden \u00fcber [&hellip;]<\/p>\n","protected":false},"author":1,"featured_media":0,"comment_status":"closed","ping_status":"open","sticky":false,"template":"","format":"standard","meta":{"footnotes":""},"categories":[1],"tags":[],"_links":{"self":[{"href":"https:\/\/www.potsdamer-juristische-gesellschaft.de\/index.php\/wp-json\/wp\/v2\/posts\/455"}],"collection":[{"href":"https:\/\/www.potsdamer-juristische-gesellschaft.de\/index.php\/wp-json\/wp\/v2\/posts"}],"about":[{"href":"https:\/\/www.potsdamer-juristische-gesellschaft.de\/index.php\/wp-json\/wp\/v2\/types\/post"}],"author":[{"embeddable":true,"href":"https:\/\/www.potsdamer-juristische-gesellschaft.de\/index.php\/wp-json\/wp\/v2\/users\/1"}],"replies":[{"embeddable":true,"href":"https:\/\/www.potsdamer-juristische-gesellschaft.de\/index.php\/wp-json\/wp\/v2\/comments?post=455"}],"version-history":[{"count":4,"href":"https:\/\/www.potsdamer-juristische-gesellschaft.de\/index.php\/wp-json\/wp\/v2\/posts\/455\/revisions"}],"predecessor-version":[{"id":471,"href":"https:\/\/www.potsdamer-juristische-gesellschaft.de\/index.php\/wp-json\/wp\/v2\/posts\/455\/revisions\/471"}],"wp:attachment":[{"href":"https:\/\/www.potsdamer-juristische-gesellschaft.de\/index.php\/wp-json\/wp\/v2\/media?parent=455"}],"wp:term":[{"taxonomy":"category","embeddable":true,"href":"https:\/\/www.potsdamer-juristische-gesellschaft.de\/index.php\/wp-json\/wp\/v2\/categories?post=455"},{"taxonomy":"post_tag","embeddable":true,"href":"https:\/\/www.potsdamer-juristische-gesellschaft.de\/index.php\/wp-json\/wp\/v2\/tags?post=455"}],"curies":[{"name":"wp","href":"https:\/\/api.w.org\/{rel}","templated":true}]}}