{"id":473,"date":"2012-11-01T19:30:39","date_gmt":"2012-11-01T19:30:39","guid":{"rendered":"http:\/\/www.potsdamer-juristische-gesellschaft.de\/?p=473"},"modified":"2013-04-04T12:59:28","modified_gmt":"2013-04-04T12:59:28","slug":"friedrich-ii-von-preussen-recht-und-politik-im-widerstreit","status":"publish","type":"post","link":"https:\/\/www.potsdamer-juristische-gesellschaft.de\/index.php\/vortraege\/friedrich-ii-von-preussen-recht-und-politik-im-widerstreit\/","title":{"rendered":"Friedrich II. von Preu\u00dfen &#8211; Recht und Politik im Widerstreit"},"content":{"rendered":"<p><strong>Prof. Dr. iur. Dr. phil. J\u00f6rg Berkemann<\/strong><br \/>\nBundesrichter am Bundesverwaltungsgericht a.D.<\/p>\n<p>Die n\u00e4chste Vortragsveranstaltung der Potsdamer Juristischen Gesellschaft findet am<\/p>\n<p><strong>Donnerstag, den 01.11.2012, 19.30 Uhr,<\/p>\n<p>in der Bibliothek des Verwaltungsgerichts Potsdam,<br \/>\nFriedrich-Ebert-Stra\u00dfe 32, 14469 Potsdam<\/strong><\/p>\n<p>statt.<\/p>\n<p>Dieses Jahr wurde der 300. Geburtstag von Friedrich II. von Preu\u00dfen begangen. Er hat seine Strahlkraft auf uns nicht verloren. Er veranlasste Justizreformen. Er f\u00fchrte Kriege. Ruhmsucht und Ehrgeiz, Eigensinn und Hartn\u00e4ckigkeit wurden Charaktermerkmale dieses K\u00f6nigs, der sich selbst als Roi Philosophe sah.<\/p>\n<p>Der Referent, Jurist und Historiker, wird uns das br\u00fcchige Rechts Verst\u00e4ndnis dieses bemerkenswerten K\u00f6nigs darstellen. Ein &#8222;erster Diener&#8220; auch des Rechts? Sie werden Zeuge, wie der Referent kenntnisreich ein Bild von Friedrich II., den man den &#8222;Gro\u00dfen&#8220; nennt, werkstattbezogen entwickelt.<\/p>\n<p>Zu dieser Veranstaltung lade ich Sie herzlich ein. An den Vortrag schlie\u00dft sich wie immer ein Umtrunk an, der mit einem kleinen Imbiss verbunden ist. G\u00e4ste sind zu unseren Veranstaltungen stets willkommen &#8211; bitte geben Sie diese Einladung in Ihrem Freundes- und Bekanntenkreis weiter.<\/p>\n<p>Mit freundlichen Gr\u00fc\u00dfen<\/p>\n<p>Dr. Margarete M\u00fchl-J\u00e4ckel, LL.M. (Harvard)<\/p>\n","protected":false},"excerpt":{"rendered":"<p>Prof. Dr. iur. Dr. phil. J\u00f6rg Berkemann Bundesrichter am Bundesverwaltungsgericht a.D. Die n\u00e4chste Vortragsveranstaltung der Potsdamer Juristischen Gesellschaft findet am Donnerstag, den 01.11.2012, 19.30 Uhr, in der Bibliothek des Verwaltungsgerichts Potsdam, Friedrich-Ebert-Stra\u00dfe 32, 14469 Potsdam statt. Dieses Jahr wurde der 300. Geburtstag von Friedrich II. von Preu\u00dfen begangen. Er hat seine Strahlkraft auf uns nicht [&hellip;]<\/p>\n","protected":false},"author":1,"featured_media":0,"comment_status":"closed","ping_status":"open","sticky":false,"template":"","format":"standard","meta":{"footnotes":""},"categories":[3],"tags":[36],"_links":{"self":[{"href":"https:\/\/www.potsdamer-juristische-gesellschaft.de\/index.php\/wp-json\/wp\/v2\/posts\/473"}],"collection":[{"href":"https:\/\/www.potsdamer-juristische-gesellschaft.de\/index.php\/wp-json\/wp\/v2\/posts"}],"about":[{"href":"https:\/\/www.potsdamer-juristische-gesellschaft.de\/index.php\/wp-json\/wp\/v2\/types\/post"}],"author":[{"embeddable":true,"href":"https:\/\/www.potsdamer-juristische-gesellschaft.de\/index.php\/wp-json\/wp\/v2\/users\/1"}],"replies":[{"embeddable":true,"href":"https:\/\/www.potsdamer-juristische-gesellschaft.de\/index.php\/wp-json\/wp\/v2\/comments?post=473"}],"version-history":[{"count":5,"href":"https:\/\/www.potsdamer-juristische-gesellschaft.de\/index.php\/wp-json\/wp\/v2\/posts\/473\/revisions"}],"predecessor-version":[{"id":556,"href":"https:\/\/www.potsdamer-juristische-gesellschaft.de\/index.php\/wp-json\/wp\/v2\/posts\/473\/revisions\/556"}],"wp:attachment":[{"href":"https:\/\/www.potsdamer-juristische-gesellschaft.de\/index.php\/wp-json\/wp\/v2\/media?parent=473"}],"wp:term":[{"taxonomy":"category","embeddable":true,"href":"https:\/\/www.potsdamer-juristische-gesellschaft.de\/index.php\/wp-json\/wp\/v2\/categories?post=473"},{"taxonomy":"post_tag","embeddable":true,"href":"https:\/\/www.potsdamer-juristische-gesellschaft.de\/index.php\/wp-json\/wp\/v2\/tags?post=473"}],"curies":[{"name":"wp","href":"https:\/\/api.w.org\/{rel}","templated":true}]}}