{"id":534,"date":"2012-12-13T19:00:09","date_gmt":"2012-12-13T19:00:09","guid":{"rendered":"http:\/\/www.potsdamer-juristische-gesellschaft.de\/?p=534"},"modified":"2013-04-04T12:58:54","modified_gmt":"2013-04-04T12:58:54","slug":"rechtsprobleme-der-bundeswehr-beim-auslandseinsatz","status":"publish","type":"post","link":"https:\/\/www.potsdamer-juristische-gesellschaft.de\/index.php\/vortraege\/rechtsprobleme-der-bundeswehr-beim-auslandseinsatz\/","title":{"rendered":"Rechtsprobleme der Bundeswehr beim Auslandseinsatz"},"content":{"rendered":"<p><strong>Herr Generalleutnant Rainer Glatz<br \/>\nBefehlshaber Einsatzf\u00fchrungskommando der Bundeswehr<\/strong><\/p>\n<p>Die n\u00e4chste Veranstaltung der Potsdamer Juristischen Gesellschaft findet<\/p>\n<p><strong>Donnerstag, den 13.12.2012,19.00 Uhr,<\/strong><\/p>\n<p>beim<br \/>\n<strong>Einsatzf\u00fchrungskommando der Bundeswehr,<br \/>\nHenning-von-Tresckow-Kaserne,<br \/>\nWerderscher Damm 21-29,<br \/>\nOT Geltow 14548 Schwielowsee<\/strong><\/p>\n<p>statt. In die Arbeitsweise des Einsatzf\u00fchrungskommandos der Bundeswehr wird Herr Generalleutnant Rainer Glatz &#8211; Befehlshaber Einsatzf\u00fchrungskommando der Bundeswehr &#8211; einf\u00fchren. Ferner wird Gelegenheit bestehen, neben Fragen des milit\u00e4risch-operativen Einsatzes die mit dem Einsatz der Bundeswehr im Ausland verbundenen Rechtsprobleme zu er\u00f6rtern.<\/p>\n<p>Bei einem Rundgang wird auch die Operationszentrale im Einsatzf\u00fchrungskommando besichtigt werden.<\/p>\n<p>Zu dieser besonderen Veranstaltung, bei der wir Gast im Einsatzf\u00fchrungskommando der Bundeswehr sind, lade ich Sie herzlich ein.<\/p>\n<p>Aus sicherheitstechnischen Gr\u00fcnden ist es zwingend erforderlich, dass wir vorab eine Teilnehmerliste an das Einsatzf\u00fchrungskommando \u00fcbergeben. Bitte teilen Sie mir daher bis sp\u00e4testens<\/p>\n<p><strong>10.12.2012<\/strong><\/p>\n<p>mit, ob Sie (ggf. in Begleitung &#8211; bitte Vor- und Zuname nennen -) teilnehmen werden und beachten Sie, dass Sie sich bei der Eingangskontrolle durch Personalausweis legitimieren m\u00fcssen.<\/p>\n<p>Ich hoffe auf rege Teilnahme und freue mich, Sie am 13.12.2012 ausnahmsweise beim Einsatzf\u00fchrungskommando der Bundeswehr (bereits um 19 Uhr p\u00fcnktlich!) und nicht im Verwaltungsgericht zu begr\u00fc\u00dfen.<\/p>\n<p>Mit freundlichen Gr\u00fc\u00dfen<\/p>\n<p>Dr. Margarete M\u00fchl-J\u00e4ckel, LL.M. (Harvard)<\/p>\n","protected":false},"excerpt":{"rendered":"<p>Herr Generalleutnant Rainer Glatz Befehlshaber Einsatzf\u00fchrungskommando der Bundeswehr Die n\u00e4chste Veranstaltung der Potsdamer Juristischen Gesellschaft findet Donnerstag, den 13.12.2012,19.00 Uhr, beim Einsatzf\u00fchrungskommando der Bundeswehr, Henning-von-Tresckow-Kaserne, Werderscher Damm 21-29, OT Geltow 14548 Schwielowsee statt. In die Arbeitsweise des Einsatzf\u00fchrungskommandos der Bundeswehr wird Herr Generalleutnant Rainer Glatz &#8211; Befehlshaber Einsatzf\u00fchrungskommando der Bundeswehr &#8211; einf\u00fchren. Ferner wird Gelegenheit [&hellip;]<\/p>\n","protected":false},"author":1,"featured_media":0,"comment_status":"closed","ping_status":"open","sticky":false,"template":"","format":"standard","meta":{"footnotes":""},"categories":[3],"tags":[43],"_links":{"self":[{"href":"https:\/\/www.potsdamer-juristische-gesellschaft.de\/index.php\/wp-json\/wp\/v2\/posts\/534"}],"collection":[{"href":"https:\/\/www.potsdamer-juristische-gesellschaft.de\/index.php\/wp-json\/wp\/v2\/posts"}],"about":[{"href":"https:\/\/www.potsdamer-juristische-gesellschaft.de\/index.php\/wp-json\/wp\/v2\/types\/post"}],"author":[{"embeddable":true,"href":"https:\/\/www.potsdamer-juristische-gesellschaft.de\/index.php\/wp-json\/wp\/v2\/users\/1"}],"replies":[{"embeddable":true,"href":"https:\/\/www.potsdamer-juristische-gesellschaft.de\/index.php\/wp-json\/wp\/v2\/comments?post=534"}],"version-history":[{"count":3,"href":"https:\/\/www.potsdamer-juristische-gesellschaft.de\/index.php\/wp-json\/wp\/v2\/posts\/534\/revisions"}],"predecessor-version":[{"id":555,"href":"https:\/\/www.potsdamer-juristische-gesellschaft.de\/index.php\/wp-json\/wp\/v2\/posts\/534\/revisions\/555"}],"wp:attachment":[{"href":"https:\/\/www.potsdamer-juristische-gesellschaft.de\/index.php\/wp-json\/wp\/v2\/media?parent=534"}],"wp:term":[{"taxonomy":"category","embeddable":true,"href":"https:\/\/www.potsdamer-juristische-gesellschaft.de\/index.php\/wp-json\/wp\/v2\/categories?post=534"},{"taxonomy":"post_tag","embeddable":true,"href":"https:\/\/www.potsdamer-juristische-gesellschaft.de\/index.php\/wp-json\/wp\/v2\/tags?post=534"}],"curies":[{"name":"wp","href":"https:\/\/api.w.org\/{rel}","templated":true}]}}