{"id":547,"date":"2013-03-21T19:30:26","date_gmt":"2013-03-21T19:30:26","guid":{"rendered":"http:\/\/www.potsdamer-juristische-gesellschaft.de\/?p=547"},"modified":"2013-04-04T12:58:24","modified_gmt":"2013-04-04T12:58:24","slug":"erbgueter-und-erblasten-zum-umgang-mit-den-folgen-der-ddr-diktatur","status":"publish","type":"post","link":"https:\/\/www.potsdamer-juristische-gesellschaft.de\/index.php\/vortraege\/erbgueter-und-erblasten-zum-umgang-mit-den-folgen-der-ddr-diktatur\/","title":{"rendered":"Erbg\u00fcter und Erblasten &#8211; Zum Umgang mit den Folgen der DDR-Diktatur"},"content":{"rendered":"<p><strong>Ulrike Poppe<\/strong><br \/>\nBeauftragte des Landes Brandenburg zur Aufarbeitung der Folgen der kommunistischen Diktatur (LAkD)<\/p>\n<p>Die n\u00e4chste Vortragsveranstaltung der Potsdamer Juristischen Gesellschaft findet am<\/p>\n<p><strong>Donnerstag, den 21.03.2013, 19.30 Uhr,<\/p>\n<p>in der Bibliothek des Verwaltungsgerichts Potsdam,<br \/>\nFriedrich-Ebert-Stra\u00dfe 32, 14469 Potsdam<\/strong><\/p>\n<p>statt.<\/p>\n<p>Auch nach \u00fcber 20 Jahren sind die geistigen und mentalen Hinterlassenschaften aus der DDR-Zeit noch sp\u00fcrbar. Menschen f\u00fchlen sich belastet durch Erinnerungen an Verfolgung und Haft, an ideologische N\u00f6tigung und verleugnete Wahrheit. Manche leiden unter Traumata, andere unter der Scham, das System unterst\u00fctzt zu haben. Noch immer sind Kapitel aus der DDR-Geschichte unaufgearbeitet, ist der Hergang mancher Ereignisse unaufgekl\u00e4rt. Die politisch Verantwortlichen in Brandenburg haben ihre Bereitschaft zu umfassender Aufarbeitung und Unterst\u00fctzung der Opfer der SED-Diktatur erkl\u00e4rt und u.a. eine Landesbeauftragte mit dieser Aufgabe betraut. Sie wird in ihrem Vortrag \u00fcber die Erfahrungen aus ihrer Arbeit berichten.<\/p>\n<p>Zu dieser Veranstaltung lade ich Sie herzlich ein. An den Vortrag schlie\u00dft sich wie immer ein Umtrunk an, der mit einem kleinen Imbiss verbunden ist. G\u00e4ste sind zu unseren Veranstaltungen stets willkommen &#8211; bitte geben Sie diese Einladung in Ihrem Freundes- und Bekanntenkreis weiter.<\/p>\n<p>Mit freundlichen Gr\u00fc\u00dfen<\/p>\n<p>Dr. Margarete M\u00fchl-J\u00e4ckel, LL.M. (Harvard)<\/p>\n","protected":false},"excerpt":{"rendered":"<p>Ulrike Poppe Beauftragte des Landes Brandenburg zur Aufarbeitung der Folgen der kommunistischen Diktatur (LAkD) Die n\u00e4chste Vortragsveranstaltung der Potsdamer Juristischen Gesellschaft findet am Donnerstag, den 21.03.2013, 19.30 Uhr, in der Bibliothek des Verwaltungsgerichts Potsdam, Friedrich-Ebert-Stra\u00dfe 32, 14469 Potsdam statt. Auch nach \u00fcber 20 Jahren sind die geistigen und mentalen Hinterlassenschaften aus der DDR-Zeit noch sp\u00fcrbar. [&hellip;]<\/p>\n","protected":false},"author":1,"featured_media":0,"comment_status":"closed","ping_status":"open","sticky":false,"template":"","format":"standard","meta":{"footnotes":""},"categories":[3],"tags":[45],"_links":{"self":[{"href":"https:\/\/www.potsdamer-juristische-gesellschaft.de\/index.php\/wp-json\/wp\/v2\/posts\/547"}],"collection":[{"href":"https:\/\/www.potsdamer-juristische-gesellschaft.de\/index.php\/wp-json\/wp\/v2\/posts"}],"about":[{"href":"https:\/\/www.potsdamer-juristische-gesellschaft.de\/index.php\/wp-json\/wp\/v2\/types\/post"}],"author":[{"embeddable":true,"href":"https:\/\/www.potsdamer-juristische-gesellschaft.de\/index.php\/wp-json\/wp\/v2\/users\/1"}],"replies":[{"embeddable":true,"href":"https:\/\/www.potsdamer-juristische-gesellschaft.de\/index.php\/wp-json\/wp\/v2\/comments?post=547"}],"version-history":[{"count":2,"href":"https:\/\/www.potsdamer-juristische-gesellschaft.de\/index.php\/wp-json\/wp\/v2\/posts\/547\/revisions"}],"predecessor-version":[{"id":553,"href":"https:\/\/www.potsdamer-juristische-gesellschaft.de\/index.php\/wp-json\/wp\/v2\/posts\/547\/revisions\/553"}],"wp:attachment":[{"href":"https:\/\/www.potsdamer-juristische-gesellschaft.de\/index.php\/wp-json\/wp\/v2\/media?parent=547"}],"wp:term":[{"taxonomy":"category","embeddable":true,"href":"https:\/\/www.potsdamer-juristische-gesellschaft.de\/index.php\/wp-json\/wp\/v2\/categories?post=547"},{"taxonomy":"post_tag","embeddable":true,"href":"https:\/\/www.potsdamer-juristische-gesellschaft.de\/index.php\/wp-json\/wp\/v2\/tags?post=547"}],"curies":[{"name":"wp","href":"https:\/\/api.w.org\/{rel}","templated":true}]}}