{"id":569,"date":"2013-05-23T18:00:24","date_gmt":"2013-05-23T18:00:24","guid":{"rendered":"http:\/\/www.potsdamer-juristische-gesellschaft.de\/?p=569"},"modified":"2014-06-19T06:28:41","modified_gmt":"2014-06-19T06:28:41","slug":"mitgliederversammlung-2013","status":"publish","type":"post","link":"https:\/\/www.potsdamer-juristische-gesellschaft.de\/index.php\/mitgliederversammlungen\/mitgliederversammlung-2013\/","title":{"rendered":"Mitgliederversammlung 2013"},"content":{"rendered":"<p>Liebe Mitglieder,<br \/>\nsehr geehrte Damen und Herren,<\/p>\n<p>hiermit lade ich Sie herzlich zur Mitgliederversammlung der Potsdamer Juristischen Gesellschaft am<\/p>\n<p><strong>Mittwoch, dem 23.05.2013, 18.00 Uhr, <\/p>\n<p>in der Bibliothek des Verwaltungsgerichts Potsdam,<br \/>\nFriedrich-Ebert-Stra\u00dfe 32, 14469 Potsdam<\/strong><\/p>\n<p>ein.<\/p>\n<p>Vorl\u00e4ufige Tagesordnung:<\/p>\n<p>TOP 1: Begr\u00fc\u00dfung der Versammlung durch die Vorsitzende des Vorstandes<br \/>\nTOP 2: Genehmigung der Tagesordnung<br \/>\nTOP 3: Bericht der Vorsitzenden \u00fcber das Gesch\u00e4ftsjahr 2012\/2013 und Ausblick auf die weitere Programmplanung<br \/>\nTOP 4: Bericht des Schatzmeisters Dr. J\u00fcrgens<br \/>\nTOP 5: Bericht der Kassenpr\u00fcferinnen<br \/>\nTOP 6: Entlastung des Vorstandes<br \/>\nTOP 7: Wahl des Vorstandes und des Beirates<br \/>\nTOP 8: Bestimmung der Kassenpr\u00fcfer f\u00fcr das Jahr 2013\/2014<br \/>\nTOP 9: Verschiedenes<\/p>\n<p>An die Mitgliederversammlung schlie\u00dft sich um 19.30 Uhr die Vortragsveranstaltung &#8222;<a href=\"https:\/\/www.potsdamer-juristische-gesellschaft.de\/index.php\/vortraege\/die-neuere-rechtsprechung-des-bundesverwaltungsgerichts-zur-flughafenplanung-und-zu-flugrouten\/\" title=\"Die neuere Rechtsprechung des Bundesverwaltungsgerichts zur Flughafenplanung und zu Flugrouten\">Die neuere Rechtsprechung des Bundesverwaltungsgerichts zur Flughafenplanung und zu Flugrouten<\/a>&#8220; mit Herrn Dr. Alexander Jannasch an.<\/p>\n<p>Mit freundlichen Gr\u00fc\u00dfen<\/p>\n<p>Dr. Margarete M\u00fchl-J\u00e4ckel, LL.M. (Harvard)<\/p>\n","protected":false},"excerpt":{"rendered":"<p>Liebe Mitglieder, sehr geehrte Damen und Herren, hiermit lade ich Sie herzlich zur Mitgliederversammlung der Potsdamer Juristischen Gesellschaft am Mittwoch, dem 23.05.2013, 18.00 Uhr, in der Bibliothek des Verwaltungsgerichts Potsdam, Friedrich-Ebert-Stra\u00dfe 32, 14469 Potsdam ein. Vorl\u00e4ufige Tagesordnung: TOP 1: Begr\u00fc\u00dfung der Versammlung durch die Vorsitzende des Vorstandes TOP 2: Genehmigung der Tagesordnung TOP 3: Bericht [&hellip;]<\/p>\n","protected":false},"author":1,"featured_media":0,"comment_status":"closed","ping_status":"open","sticky":false,"template":"","format":"standard","meta":{"footnotes":""},"categories":[1],"tags":[],"_links":{"self":[{"href":"https:\/\/www.potsdamer-juristische-gesellschaft.de\/index.php\/wp-json\/wp\/v2\/posts\/569"}],"collection":[{"href":"https:\/\/www.potsdamer-juristische-gesellschaft.de\/index.php\/wp-json\/wp\/v2\/posts"}],"about":[{"href":"https:\/\/www.potsdamer-juristische-gesellschaft.de\/index.php\/wp-json\/wp\/v2\/types\/post"}],"author":[{"embeddable":true,"href":"https:\/\/www.potsdamer-juristische-gesellschaft.de\/index.php\/wp-json\/wp\/v2\/users\/1"}],"replies":[{"embeddable":true,"href":"https:\/\/www.potsdamer-juristische-gesellschaft.de\/index.php\/wp-json\/wp\/v2\/comments?post=569"}],"version-history":[{"count":2,"href":"https:\/\/www.potsdamer-juristische-gesellschaft.de\/index.php\/wp-json\/wp\/v2\/posts\/569\/revisions"}],"predecessor-version":[{"id":605,"href":"https:\/\/www.potsdamer-juristische-gesellschaft.de\/index.php\/wp-json\/wp\/v2\/posts\/569\/revisions\/605"}],"wp:attachment":[{"href":"https:\/\/www.potsdamer-juristische-gesellschaft.de\/index.php\/wp-json\/wp\/v2\/media?parent=569"}],"wp:term":[{"taxonomy":"category","embeddable":true,"href":"https:\/\/www.potsdamer-juristische-gesellschaft.de\/index.php\/wp-json\/wp\/v2\/categories?post=569"},{"taxonomy":"post_tag","embeddable":true,"href":"https:\/\/www.potsdamer-juristische-gesellschaft.de\/index.php\/wp-json\/wp\/v2\/tags?post=569"}],"curies":[{"name":"wp","href":"https:\/\/api.w.org\/{rel}","templated":true}]}}