{"id":876,"date":"2016-12-01T19:30:26","date_gmt":"2016-12-01T19:30:26","guid":{"rendered":"http:\/\/www.potsdamer-juristische-gesellschaft.de\/?p=876"},"modified":"2017-05-05T13:49:47","modified_gmt":"2017-05-05T13:49:47","slug":"europa-wie-geht-es-weiter-betrachtungen-aus-verfassungsrechtlicher-und-europarechtlicher-sicht-abgesagt","status":"publish","type":"post","link":"https:\/\/www.potsdamer-juristische-gesellschaft.de\/index.php\/vortraege\/europa-wie-geht-es-weiter-betrachtungen-aus-verfassungsrechtlicher-und-europarechtlicher-sicht-abgesagt\/","title":{"rendered":"Europa &#8211; Wie geht es weiter? Betrachtungen aus verfassungsrechtlicher und europarechtlicher Sicht. (Abgesagt)"},"content":{"rendered":"<p><strong>Prof. Dr. Peter-Michael Huber<\/strong><br \/>\nMinister a.D.<br \/>\nRichter des Bundesverfassungsgerichts (2. Senat)<\/p>\n<p>Die n\u00e4chste gemeinsame Vortragsveranstaltung der Potsdamer Juristischen Gesellschaft sowie der Vereinigung der Verwaltungsrichterinnen und Verwaltungsrichter des Landes Brandenburg findet am<\/p>\n<p><strong>Donnerstag, den 1. Dezember 2016, 19.30 Uhr, <\/p>\n<p>in der Bibliothek des Verwaltungsgerichts Potsdam,<br \/>\nFriedrich-Ebert-Stra\u00dfe 32, 14469 Potsdam<\/strong><\/p>\n<p>zum Thema<\/p>\n<p>Europa &#8211; Wie geht es weiter? Betrachtungen aus verfassungsrechtlicher und europarechtlicher Sicht statt.<\/p>\n<p><strong><font color=\"red\">Leider ist Prof. Dr. P.-M. Huber erkrankt und kann deshalb seinen angek\u00fcndigten Vortrag in Potsdam nicht halten. Wir bitten um Verst\u00e4ndnis und hoffen, dass wir die Veranstaltung mit Prof. Dr. P.-M. Huber zu einem anderen Zeitpunkt durchf\u00fchren k\u00f6nnen.<\/font><\/strong><\/p>\n<p>Zu dieser Vortragsveranstaltung lade ich Sie zugleich im Namen von Herrn VRiVG W. Kirkes herzlich ein. Nach dem Vortrag ist, wie bei der PJG \u00fcblich, ein Umtrunk verbunden mit kleinem Imbiss vorgesehen.<\/p>\n<p>G\u00e4ste sind zu unseren Vortragsveranstaltungen willkommen &#8211; bitte geben Sie die Einladung in Ihrem Freundes- und Bekanntenkreis weiter.<\/p>\n<p>Mit freundlichen Gr\u00fc\u00dfen<\/p>\n<p>Dr. Margarete M\u00fchl-J\u00e4ckel, LL.M. (Harvard)<\/p>\n","protected":false},"excerpt":{"rendered":"<p>Prof. Dr. Peter-Michael Huber Minister a.D. Richter des Bundesverfassungsgerichts (2. Senat) Die n\u00e4chste gemeinsame Vortragsveranstaltung der Potsdamer Juristischen Gesellschaft sowie der Vereinigung der Verwaltungsrichterinnen und Verwaltungsrichter des Landes Brandenburg findet am Donnerstag, den 1. Dezember 2016, 19.30 Uhr, in der Bibliothek des Verwaltungsgerichts Potsdam, Friedrich-Ebert-Stra\u00dfe 32, 14469 Potsdam zum Thema Europa &#8211; Wie geht es [&hellip;]<\/p>\n","protected":false},"author":1,"featured_media":0,"comment_status":"closed","ping_status":"open","sticky":false,"template":"","format":"standard","meta":{"footnotes":""},"categories":[3],"tags":[142],"_links":{"self":[{"href":"https:\/\/www.potsdamer-juristische-gesellschaft.de\/index.php\/wp-json\/wp\/v2\/posts\/876"}],"collection":[{"href":"https:\/\/www.potsdamer-juristische-gesellschaft.de\/index.php\/wp-json\/wp\/v2\/posts"}],"about":[{"href":"https:\/\/www.potsdamer-juristische-gesellschaft.de\/index.php\/wp-json\/wp\/v2\/types\/post"}],"author":[{"embeddable":true,"href":"https:\/\/www.potsdamer-juristische-gesellschaft.de\/index.php\/wp-json\/wp\/v2\/users\/1"}],"replies":[{"embeddable":true,"href":"https:\/\/www.potsdamer-juristische-gesellschaft.de\/index.php\/wp-json\/wp\/v2\/comments?post=876"}],"version-history":[{"count":5,"href":"https:\/\/www.potsdamer-juristische-gesellschaft.de\/index.php\/wp-json\/wp\/v2\/posts\/876\/revisions"}],"predecessor-version":[{"id":881,"href":"https:\/\/www.potsdamer-juristische-gesellschaft.de\/index.php\/wp-json\/wp\/v2\/posts\/876\/revisions\/881"}],"wp:attachment":[{"href":"https:\/\/www.potsdamer-juristische-gesellschaft.de\/index.php\/wp-json\/wp\/v2\/media?parent=876"}],"wp:term":[{"taxonomy":"category","embeddable":true,"href":"https:\/\/www.potsdamer-juristische-gesellschaft.de\/index.php\/wp-json\/wp\/v2\/categories?post=876"},{"taxonomy":"post_tag","embeddable":true,"href":"https:\/\/www.potsdamer-juristische-gesellschaft.de\/index.php\/wp-json\/wp\/v2\/tags?post=876"}],"curies":[{"name":"wp","href":"https:\/\/api.w.org\/{rel}","templated":true}]}}